{"id":1195,"date":"2020-01-07T17:33:23","date_gmt":"2020-01-07T16:33:23","guid":{"rendered":"https:\/\/galerierobetdantec.com\/petits-formats-%e2%8e%aaen-collaboration-avec-la-galerie-jean-greset\/"},"modified":"2020-06-01T18:43:41","modified_gmt":"2020-06-01T16:43:41","slug":"small-formats-in-collaboration-with-jean-greset-gallery","status":"publish","type":"post","link":"https:\/\/galerierobetdantec.com\/en\/small-formats-in-collaboration-with-jean-greset-gallery\/","title":{"rendered":"\u00ab Small Formats \u00bb In collaboration with Jean Greset Gallery"},"content":{"rendered":"<p>[vc_row][vc_column][vc_column_text]<\/p>\n<p style=\"text-align: center;\"><strong>From January 11 to March 1, 2020, opening on Friday January 10 at 6:00 p.m.<\/strong><\/p>\n<p>[\/vc_column_text][vc_empty_space height=&#8221;30px&#8221;][\/vc_column][\/vc_row][vc_row][vc_column width=&#8221;1\/3&#8243;][vc_single_image image=&#8221;841&#8243; img_size=&#8221;full&#8221;][vc_empty_space height=&#8221;20px&#8221;]<div class=\"aio-icon-component  vc_custom_1588689969641   style_1\"><div id=\"Info-box-wrap-5259\" class=\"aio-icon-box top-icon\" style=\"\"  ><div class=\"aio-icon-top\"><div class=\"ult-just-icon-wrapper  \"><div class=\"align-icon\" style=\"text-align:center;\">\n<div class=\"aio-icon none \"  style=\"color:#000000;font-size:32px;display:inline-block;\">\n\t<i class=\"Defaults-calendar\"><\/i>\n<\/div><\/div><\/div><\/div><div class=\"aio-icon-header\" ><p class=\"aio-icon-title ult-responsive\"  data-ultimate-target='#Info-box-wrap-5259 .aio-icon-title'  data-responsive-json-new='{\"font-size\":\"\",\"line-height\":\"\"}'  style=\"font-weight:bold;color:#000000;\">Calendar<\/p><\/div> <!-- header --><div class=\"aio-icon-description ult-responsive\"  data-ultimate-target='#Info-box-wrap-5259 .aio-icon-description'  data-responsive-json-new='{\"font-size\":\"\",\"line-height\":\"\"}'  style=\"\"><\/p>\n<p>From January 11 to March 1, 2020<\/p>\n<p><\/div> <!-- description --><\/div> <!-- aio-icon-box --><\/div> <!-- aio-icon-component --><div class=\"aio-icon-component  vc_custom_1588689996320   style_1\"><div id=\"Info-box-wrap-3006\" class=\"aio-icon-box top-icon\" style=\"\"  ><div class=\"aio-icon-top\"><div class=\"ult-just-icon-wrapper  \"><div class=\"align-icon\" style=\"text-align:center;\">\n<div class=\"aio-icon none \"  style=\"color:#000000;font-size:32px;display:inline-block;\">\n\t<i class=\"Defaults-glass\"><\/i>\n<\/div><\/div><\/div><\/div><div class=\"aio-icon-header\" ><p class=\"aio-icon-title ult-responsive\"  data-ultimate-target='#Info-box-wrap-3006 .aio-icon-title'  data-responsive-json-new='{\"font-size\":\"\",\"line-height\":\"\"}'  style=\"font-weight:bold;color:#000000;\">Opening<\/p><\/div> <!-- header --><div class=\"aio-icon-description ult-responsive\"  data-ultimate-target='#Info-box-wrap-3006 .aio-icon-description'  data-responsive-json-new='{\"font-size\":\"\",\"line-height\":\"\"}'  style=\"\"><\/p>\n<p>Friday January 10 at 6:00 p.m<\/p>\n<p><\/div> <!-- description --><\/div> <!-- aio-icon-box --><\/div> <!-- aio-icon-component -->[vc_empty_space height=&#8221;20px&#8221;][\/vc_column][vc_column width=&#8221;2\/3&#8243;][vc_column_text]<\/p>\n<p>For this first exhibition of the year, Galerie Robet Dantec associated with one of the most great galleries from Franche-Comt\u00e9, renowned for its collection of contemporary art, Jean Greset Art Gallery (Etuz).<\/p>\n<p>Galerie Robet Dantec has therefore chosen to present mainly works on paper, drawings, collages, engravings, editions, and even volumes and small ceramics. Among the artists presented, we note in particular the presence of great figures of concrete art, such as V\u00e9ra Molar or Jean Brault, but also abstract works close to lyrical and expressionist abstraction, such as Jo\u00ebl Leick or Anne Tastemain.<\/p>\n<p>We will also find the small formats of the artists of the gallery: ceramics and small engravings by Elsa Broustet, ceramics by Karima Duchamp, small charcoals by Ilhem Ellouze, a medium format drawing by Ana\u00efs Prouzet, small ballpoint drawings by Ana\u00eblle Thi\u00e9ry, as well as aquatints and small charcoals by Haleh Zahedi.<\/p>\n<p><strong>With the works of<\/strong> :<\/p>\n<p>Dider Boutin, Jean Brault, Elsa Broustet, Nicolas Chardon, Albert Chubac, Jean Clareboudt, Alberto Cont, Michel Cornu, Pierre Courcelles, Bernard Cousinier, Manuel Daull, Karima Duchamp, G\u00e9rard Duch\u00eane, Ilhem Ellouze, Claude Gagean, Jo\u00ebl Hubaut, Dorian Jude , Lia Khinchikashvili, Jo\u00ebl Leick, Jean Mauboul\u00e8s, Jean-Paul Mauny, Albert Merz, Marcel Miracle, Vera Molnar, emil m\u00fcller, Daniel Pandini, Jean-Luc Parant, Yves Popet, Ana\u00efs Prouzet, Hugues Reip, Torsten Ridell, Germain Roesz, Michel Seuphor, Peter Staechelin, Anne Tastemain, Ana\u00eblle Thi\u00e9ry and Haleh Zahedi.<\/p>\n<p>[\/vc_column_text][\/vc_column][\/vc_row][vc_row][vc_column][vc_empty_space height=&#8221;20px&#8221;][vc_empty_space height=&#8221;40px&#8221;][vc_custom_heading text=&#8221;past exhibitions&#8221; font_container=&#8221;tag:h3|font_size:28|text_align:center|color:%230a0909&#8243; use_theme_fonts=&#8221;yes&#8221;][\/vc_column][\/vc_row][vc_row][vc_column][vc_empty_space height=&#8221;30px&#8221;][\/vc_column][\/vc_row][vc_row bg_type=&#8221;bg_color&#8221; bg_color_value=&#8221;#f2f2f2&#8243; css=&#8221;.vc_custom_1563722577019{padding-top: 30px !important;}&#8221;][vc_column][vc_basic_grid post_type=&#8221;post&#8221; max_items=&#8221;-1&#8243; item=&#8221;masonryGrid_SlideFromLeft&#8221; grid_id=&#8221;vc_gid:1588689860919-fbaf33b80c95cc1a79095e24c7180191-3&#8243; taxonomies=&#8221;4&#8243;][vc_empty_space height=&#8221;40px&#8221;][\/vc_column][\/vc_row][vc_row][vc_column][vc_empty_space height=&#8221;40px&#8221;][\/vc_column][\/vc_row]<\/p>\n","protected":false},"excerpt":{"rendered":"<p>From January 11 to March 1, 2020<\/p>\n","protected":false},"author":1,"featured_media":1107,"comment_status":"closed","ping_status":"closed","sticky":false,"template":"","format":"standard","meta":[],"categories":[36],"tags":[],"_links":{"self":[{"href":"https:\/\/galerierobetdantec.com\/en\/wp-json\/wp\/v2\/posts\/1195"}],"collection":[{"href":"https:\/\/galerierobetdantec.com\/en\/wp-json\/wp\/v2\/posts"}],"about":[{"href":"https:\/\/galerierobetdantec.com\/en\/wp-json\/wp\/v2\/types\/post"}],"author":[{"embeddable":true,"href":"https:\/\/galerierobetdantec.com\/en\/wp-json\/wp\/v2\/users\/1"}],"replies":[{"embeddable":true,"href":"https:\/\/galerierobetdantec.com\/en\/wp-json\/wp\/v2\/comments?post=1195"}],"version-history":[{"count":0,"href":"https:\/\/galerierobetdantec.com\/en\/wp-json\/wp\/v2\/posts\/1195\/revisions"}],"wp:featuredmedia":[{"embeddable":true,"href":"https:\/\/galerierobetdantec.com\/en\/wp-json\/wp\/v2\/media\/1107"}],"wp:attachment":[{"href":"https:\/\/galerierobetdantec.com\/en\/wp-json\/wp\/v2\/media?parent=1195"}],"wp:term":[{"taxonomy":"category","embeddable":true,"href":"https:\/\/galerierobetdantec.com\/en\/wp-json\/wp\/v2\/categories?post=1195"},{"taxonomy":"post_tag","embeddable":true,"href":"https:\/\/galerierobetdantec.com\/en\/wp-json\/wp\/v2\/tags?post=1195"}],"curies":[{"name":"wp","href":"https:\/\/api.w.org\/{rel}","templated":true}]}}